{"id":593,"date":"2026-02-05T22:21:21","date_gmt":"2026-02-05T22:21:21","guid":{"rendered":"https:\/\/caravanpro.eu\/blog\/?p=593"},"modified":"2026-02-05T22:31:40","modified_gmt":"2026-02-05T22:31:40","slug":"euroopa-karavanide-ja-matkaautode-turg-lopetab-2025-aasta-tugeva-tulemusega","status":"publish","type":"post","link":"https:\/\/ee.caravanpro.eu\/blog\/euroopa-karavanide-ja-matkaautode-turg-lopetab-2025-aasta-tugeva-tulemusega\/","title":{"rendered":"Euroopa karavanide ja matkaautode turg l\u00f5petab 2025. aasta tugeva tulemusega"},"content":{"rendered":"\r\n\r\n<figure class=\"wp-block-image size-full\"><img loading=\"lazy\" decoding=\"async\" width=\"1024\" height=\"559\" src=\"https:\/\/caravanpro.eu\/blog\/wp-content\/uploads\/2026\/01\/Euro-CandM-Market-Performance-2025-blog.jpg\" alt=\"\" class=\"wp-image-570\" srcset=\"https:\/\/ee.caravanpro.eu\/blog\/wp-content\/uploads\/2026\/01\/Euro-CandM-Market-Performance-2025-blog.jpg 1024w, https:\/\/ee.caravanpro.eu\/blog\/wp-content\/uploads\/2026\/01\/Euro-CandM-Market-Performance-2025-blog-300x164.jpg 300w, https:\/\/ee.caravanpro.eu\/blog\/wp-content\/uploads\/2026\/01\/Euro-CandM-Market-Performance-2025-blog-768x419.jpg 768w, https:\/\/ee.caravanpro.eu\/blog\/wp-content\/uploads\/2026\/01\/Euro-CandM-Market-Performance-2025-blog-1000x546.jpg 1000w, https:\/\/ee.caravanpro.eu\/blog\/wp-content\/uploads\/2026\/01\/Euro-CandM-Market-Performance-2025-blog-230x126.jpg 230w, https:\/\/ee.caravanpro.eu\/blog\/wp-content\/uploads\/2026\/01\/Euro-CandM-Market-Performance-2025-blog-350x191.jpg 350w, https:\/\/ee.caravanpro.eu\/blog\/wp-content\/uploads\/2026\/01\/Euro-CandM-Market-Performance-2025-blog-480x262.jpg 480w\" sizes=\"(max-width: 1024px) 100vw, 1024px\" \/><\/figure>\r\n\r\n\r\n\r\n\r\n\r\n\r\n\r\n<h3 class=\"wp-block-heading\"><strong>Euroopa vabaajas\u00f5idukite registreeringute arv on endiselt \u00fcle 200 000<\/strong><\/h3>\r\n\r\n\r\n\r\n\r\n\r\n\r\n\r\n<p>Euroopa haagissuvilate ja matkaautode turg l\u00f5petas 2025. aasta kindlal ja vastupidaval positsioonil, mida toetasid tugevad registreerimisnumbrid mandri peamistel turgudel.<\/p>\r\n\r\n\r\n\r\n\r\n\r\n\r\n\r\n<p>CIVD avaldatud andmete kohaselt registreeriti 2025. aastal kogu Euroopas umbes **215 000 uut vabaajas\u00f5idukit**. Kuigi see on 2,6% v\u00e4hem kui 2024. aastal, j\u00e4i registreerimiste koguarv siiski kindlalt \u00fcle 200 000 piiri, mis n\u00e4itab, et turg hoiab oma positsiooni, mitte ei kaota hoogu.<\/p>\r\n\r\n\r\n\r\n\r\n\r\n\r\n\r\n<h3 class=\"wp-block-heading\">Matkaautod j\u00e4tkavad Euroopa turu liidripositsiooni<\/h3>\r\n\r\n\r\n\r\n\r\n\r\n\r\n\r\n<p>Matkaautod moodustasid 2025. aastal taas enamiku uutest registreerimistest.<\/p>\r\n\r\n\r\n\r\n\r\n\r\n\r\n\r\n<p>Registreeritud vabaajas\u00f5idukite koguarvust:<\/p>\r\n\r\n\r\n\r\n\r\n\r\n\r\n\r\n<ul class=\"wp-block-list\">\r\n\r\n<li><strong>Ligikaudu 161 000 olid matkaautod<\/strong><\/li>\r\n\r\n\r\n\r\n\r\n\r\n\r\n\r\n<li><strong>Ligikaudu 54 200 olid haagissuvilad<\/strong><\/li>\r\n\r\n<\/ul>\r\n\r\n\r\n\r\n\r\n\r\n\r\n\r\n<p>Suurematel turgudel, nagu <strong>Saksamaa, Prantsusmaa ja \u00dchendkuningriik<\/strong>, p\u00fcsis matkaautode registreerimine aastaga v\u00f5rreldes suures osas stabiilsena, samas kui haagissuvilate registreerimine p\u00fcsis samuti stabiilsena, tugevdades j\u00e4tkuvat n\u00f5udlust vabaajas\u00f5idukite turu m\u00f5lemas segmendis.<\/p>\r\n\r\n\r\n\r\n\r\n\r\n\r\n\r\n<h3 class=\"wp-block-heading\">Saksamaa ja Prantsusmaa on endiselt Euroopa tugevaimad turud<\/h3>\r\n\r\n\r\n\r\n\r\n\r\n\r\n\r\n<p>Saksamaa kinnitas oma positsiooni **Euroopa suurima haagissuvilate ja matkaautode turuna**, moodustades **2025. aastal** \u00fcle 40% k\u00f5igist uutest registreerimistest**.<\/p>\r\n\r\n\r\n\r\n\r\n\r\n\r\n\r\n<p>Prantsusmaa oli suuruselt teine turg, moodustades umbes 15% registreeringute koguarvust. Saksamaa ja Prantsusmaa domineerivad j\u00e4tkuvalt Euroopa vabaajas\u00f5idukite sektoris ning m\u00e4ngivad keskset rolli s\u00f5idukite disaini, paigutuse ja pardavarustuse suundumuste kujundamisel.<\/p>\r\n\r\n\r\n\r\n\r\n\r\n\r\n\r\n<h3 class=\"wp-block-heading\">Rootsi kerkib esile silmapaistva kasvava turuna<\/h3>\r\n\r\n\r\n\r\n\r\n\r\n\r\n\r\n<p>Kuigi enamikul Euroopa p\u00f5hiturgudel registreeriti stabiilne m\u00fc\u00fck, <strong>paistis 2025. aastal silma Rootsi, kus matkaautode registreerimine kasvas enam kui 46%.<\/strong><\/p>\r\n\r\n\r\n\r\n\r\n\r\n\r\n\r\n<p>See j\u00e4rsk t\u00f5us oli suuresti tingitud riiklike maksuregulatsioonide muudatustest, mis r\u00f5hutasid, kuidas poliitilised otsused v\u00f5ivad otseselt ja koheselt m\u00f5jutada vaba aja s\u00f5idukite n\u00f5udlust \u00fcksikutes riikides.<\/p>\r\n\r\n\r\n\r\n\r\n\r\n\r\n\r\n<h3 class=\"wp-block-heading\">Vastupidav turg suundub 2026. aasta hooaega<\/h3>\r\n\r\n\r\n\r\n\r\n\r\n\r\n\r\n<p>\u00dcldiselt viitavad arvud Euroopa haagissuvilate ja matkaautode turu vastupidavusele. Vaatamata ebakindlatele majandusoludele p\u00fcsib n\u00f5udlus tugev, mida toetab j\u00e4tkuv huvi paindliku reisimise vastu, t\u00e4iustatud s\u00f5idukidisain ja tootjate pidev innovatsioon.<\/p>\r\n\r\n\r\n\r\n\r\n\r\n\r\n\r\n<p>Kuna registreerimised p\u00fcsivad \u00fcle 200 000 \u00fchiku ja tulemused Euroopa peamistel turgudel on tugevad, on 2026. aasta hooaja v\u00e4ljavaated ostjate, m\u00fc\u00fcjate, edasim\u00fc\u00fcjate ja tootjate jaoks stabiilsed ja kindlad.<\/p>\r\n\r\n\r\n\r\n\r\n\r\n\r\n\r\n<p>Allikas: CIVD \u2013 Uued registreerimised Euroopas, jaanuar 2026<br><a href=\"https:\/\/www.civd.de\/en\/news\/01-2026-new-registrations\/\">https:\/\/www.civd.de\/en\/news\/01-2026-new-registrations\/<\/a><\/p>\r\n\r\n","protected":false},"excerpt":{"rendered":"<p>Euroopa vabaajas\u00f5idukite registreeringute arv on endiselt \u00fcle 200 000 Euroopa haagissuvilate ja matkaautode turg l\u00f5petas 2025. aasta kindlal ja vastupidaval positsioonil, mida [&hellip;]<\/p>\n","protected":false},"author":1,"featured_media":570,"comment_status":"closed","ping_status":"open","sticky":false,"template":"","format":"standard","meta":{"_siteseo_robots_primary_cat":"none","_themeisle_gutenberg_block_has_review":false,"footnotes":""},"categories":[103,117],"tags":[],"class_list":["post-593","post","type-post","status-publish","format-standard","has-post-thumbnail","hentry","category-haagissuvilad","category-matkaautod"],"_links":{"self":[{"href":"https:\/\/ee.caravanpro.eu\/blog\/wp-json\/wp\/v2\/posts\/593"}],"collection":[{"href":"https:\/\/ee.caravanpro.eu\/blog\/wp-json\/wp\/v2\/posts"}],"about":[{"href":"https:\/\/ee.caravanpro.eu\/blog\/wp-json\/wp\/v2\/types\/post"}],"author":[{"embeddable":true,"href":"https:\/\/ee.caravanpro.eu\/blog\/wp-json\/wp\/v2\/users\/1"}],"replies":[{"embeddable":true,"href":"https:\/\/ee.caravanpro.eu\/blog\/wp-json\/wp\/v2\/comments?post=593"}],"version-history":[{"count":2,"href":"https:\/\/ee.caravanpro.eu\/blog\/wp-json\/wp\/v2\/posts\/593\/revisions"}],"predecessor-version":[{"id":597,"href":"https:\/\/ee.caravanpro.eu\/blog\/wp-json\/wp\/v2\/posts\/593\/revisions\/597"}],"wp:featuredmedia":[{"embeddable":true,"href":"https:\/\/ee.caravanpro.eu\/blog\/wp-json\/wp\/v2\/media\/570"}],"wp:attachment":[{"href":"https:\/\/ee.caravanpro.eu\/blog\/wp-json\/wp\/v2\/media?parent=593"}],"wp:term":[{"taxonomy":"category","embeddable":true,"href":"https:\/\/ee.caravanpro.eu\/blog\/wp-json\/wp\/v2\/categories?post=593"},{"taxonomy":"post_tag","embeddable":true,"href":"https:\/\/ee.caravanpro.eu\/blog\/wp-json\/wp\/v2\/tags?post=593"}],"curies":[{"name":"wp","href":"https:\/\/api.w.org\/{rel}","templated":true}]}}