{"id":552,"date":"2025-12-15T22:10:17","date_gmt":"2025-12-15T22:10:17","guid":{"rendered":"https:\/\/caravanpro.eu\/blog\/?p=552"},"modified":"2025-12-15T22:10:18","modified_gmt":"2025-12-15T22:10:18","slug":"tagasivaade-aastale-2025-suvi-mis-viis-meid-kaugele-ja-laiali","status":"publish","type":"post","link":"https:\/\/ee.caravanpro.eu\/blog\/tagasivaade-aastale-2025-suvi-mis-viis-meid-kaugele-ja-laiali\/","title":{"rendered":"Tagasivaade aastale 2025: suvi, mis viis meid kaugele ja laiali"},"content":{"rendered":"\r\n\r\n<figure class=\"wp-block-image size-large\"><img loading=\"lazy\" decoding=\"async\" width=\"1024\" height=\"559\" src=\"https:\/\/caravanpro.eu\/blog\/wp-content\/uploads\/2025\/12\/looking-back-on-2025-1024x559.jpg\" alt=\"\" class=\"wp-image-520\" srcset=\"https:\/\/ee.caravanpro.eu\/blog\/wp-content\/uploads\/2025\/12\/looking-back-on-2025-1024x559.jpg 1024w, https:\/\/ee.caravanpro.eu\/blog\/wp-content\/uploads\/2025\/12\/looking-back-on-2025-300x164.jpg 300w, https:\/\/ee.caravanpro.eu\/blog\/wp-content\/uploads\/2025\/12\/looking-back-on-2025-768x419.jpg 768w, https:\/\/ee.caravanpro.eu\/blog\/wp-content\/uploads\/2025\/12\/looking-back-on-2025-1536x839.jpg 1536w, https:\/\/ee.caravanpro.eu\/blog\/wp-content\/uploads\/2025\/12\/looking-back-on-2025-1000x546.jpg 1000w, https:\/\/ee.caravanpro.eu\/blog\/wp-content\/uploads\/2025\/12\/looking-back-on-2025-230x126.jpg 230w, https:\/\/ee.caravanpro.eu\/blog\/wp-content\/uploads\/2025\/12\/looking-back-on-2025-350x191.jpg 350w, https:\/\/ee.caravanpro.eu\/blog\/wp-content\/uploads\/2025\/12\/looking-back-on-2025-480x262.jpg 480w, https:\/\/ee.caravanpro.eu\/blog\/wp-content\/uploads\/2025\/12\/looking-back-on-2025.jpg 1685w\" sizes=\"(max-width: 1024px) 100vw, 1024px\" \/><\/figure>\r\n\r\n\r\n\r\n\r\n\r\n\r\n\r\n<p>Tagasi vaadates 2025. aastale, v\u00f5ib \u00f6elda, et see oli aasta, mida paljud haagissuvilate, matkaautode ja matkaautode omanikud niipea ei unusta.<\/p>\r\n\r\n\r\n\r\n\r\n\r\n\r\n\r\n<p>Kui sa sel suvel reisisid, siis on \u00fcsna t\u00f5en\u00e4oline, et ilm m\u00e4ngis sinu plaanides suurt rolli, m\u00f5nikord ootusp\u00e4raselt ja m\u00f5nikord t\u00e4iesti vastupidiselt.<\/p>\r\n\r\n\r\n\r\n\r\n\r\n\r\n\r\n<h4 class=\"wp-block-heading\" id=\"A_Summer_That_Turned_Up_the_Heat\">Suvi, mis keeras kuumuse \u00fcles<\/h4>\r\n\r\n\r\n\r\n\r\n\r\n\r\n\r\n<p>\u00dcle Euroopa t\u00f5i 2025. aasta suvi kaasa erakordseid olusid. Juuni saabus L\u00e4\u00e4ne-Euroopa osades rekordiliselt kuumaga. Temperatuurid t\u00f5usid palju k\u00f5rgemale sellest, millega paljud olid harjunud, \u201etundeliselt\u201c k\u00f5rgenenud temperatuur t\u00f5usis \u00fcle 38 \u00b0C ja m\u00f5nes kohas, n\u00e4iteks Portugalis, ulatudes peaaegu 48 \u00b0C-ni.<\/p>\r\n\r\n\r\n\r\n\r\n\r\n\r\n\r\n<p>M\u00f5ne jaoks oli lihtsalt liiga palav. K\u00e4mpinguplatsid olid keerulised, plaanid muutusid ja m\u00f5ned reisijad otsustasid, et on aeg edasi liikuda oodatust varem.<\/p>\r\n\r\n\r\n\r\n\r\n\r\n\r\n\r\n<p>Teiste jaoks? See oli t\u00e4pselt see, mida nad olid lootnud.<\/p>\r\n\r\n\r\n\r\n\r\n\r\n\r\n\r\n<p>Juuli j\u00e4tkus \u00fcsna samamoodi, eriti L\u00f5una-Euroopas. Itaalias ja Kreekas t\u00f5usis temperatuur kaugele 40ndate keskpaika ning pikad, p\u00e4ikeselised p\u00e4evad muutusid normiks. M\u00f5ned j\u00e4id paigale, harjudes varahommikute, pikkade siestade ja \u00f5ues veedetud \u00f5htute r\u00fctmiga, kui kuumus leevenes.<\/p>\r\n\r\n\r\n\r\n\r\n\r\n\r\n\r\n<p>Seej\u00e4rel \u00fcllatas august paljusid meist.<\/p>\r\n\r\n\r\n\r\n\r\n\r\n\r\n\r\n<p>Kui l\u00f5unas temperatuur langes, nihkus kuumus p\u00f5hja poole. Norra, Rootsi ja Soome osades tabas intensiivne kahen\u00e4dalane kuumalaine, mille ajal temperatuur \u00fcle 30 \u00b0C p\u00fcsis tavap\u00e4rasest palju kauem. Neile, kes suundusid p\u00f5hja poole jahedamat \u00f5hku otsima, oli see meeldetuletus, et isegi k\u00f5ige paremini l\u00e4bim\u00f5eldud plaanid v\u00f5ivad muutuda.<\/p>\r\n\r\n\r\n\r\n\r\n\r\n\r\n\r\n<h4 class=\"wp-block-heading\" id=\"Did_the_Weather_Change_Your_Plans?\">Kas ilm muutis teie plaane?<\/h4>\r\n\r\n\r\n\r\n\r\n\r\n\r\n\r\n<p>Paljude reisijate jaoks kujundas suvine ilm otsuseid reaalajas.<\/p>\r\n\r\n\r\n\r\n\r\n\r\n\r\n\r\n<p>Kas sa:<\/p>\r\n\r\n\r\n\r\n\r\n\r\n\r\n\r\n<ul class=\"wp-block-list\">\r\n\r\n<li><strong><em>Kas viibisite kauem p\u00e4ikese k\u00e4es, kuna tingimused tundusid ideaalsed?<\/em><\/strong><\/li>\r\n\r\n\r\n\r\n\r\n\r\n\r\n\r\n<li><strong><em>Liikuda edasi plaanitust varem, kuna kuumus muutus liiga suureks?<\/em><\/strong><\/li>\r\n\r\n\r\n\r\n\r\n\r\n\r\n\r\n<li><strong><em>Kas suunduda p\u00f5hja v\u00f5i ranniku poole jahedamaid \u00f5htuid otsides?<\/em><\/strong><\/li>\r\n\r\n\r\n\r\n\r\n\r\n\r\n\r\n<li><strong><em>V\u00f5i kohanda oma rutiini \u2013 reisida vara, puhata k\u00f5ige kuumematel tundidel ja nautida \u00f5htuid \u00f5ues?<\/em><\/strong><\/li>\r\n\r\n<\/ul>\r\n\r\n\r\n\r\n\r\n\r\n\r\n\r\n<p>Sel suvel polnud \u00fchte kindlat reisimisviisi ja see oli \u00fcks asi, mis selle meeldej\u00e4\u00e4vaks tegi.<\/p>\r\n\r\n\r\n\r\n\r\n\r\n\r\n\r\n<p><strong><em>Kuhu 2025 teid viis?<\/em><\/strong><\/p>\r\n\r\n\r\n\r\n\r\n\r\n\r\n\r\n<p>Tagasi vaadates, lisaks temperatuuridele ja sihtkohtadele, j\u00e4\u00e4vad sageli silma just v\u00e4ikesed hetked. Vaikne k\u00e4mping p\u00e4rast pikka ja kuuma p\u00e4eva. Ootamatu marsruudimuutus. Koht, kus sa ei plaaninud peatuda, aga j\u00e4id oodatust kauemaks.<\/p>\r\n\r\n\r\n\r\n\r\n\r\n\r\n\r\n<p>Seega tahaksime teada:<\/p>\r\n\r\n\r\n\r\n\r\n\r\n\r\n\r\n<p><strong><em>Mida sa sel suvel tegid?<\/em><\/strong><\/p>\r\n\r\n\r\n\r\n\r\n\r\n\r\n\r\n<p><strong><em>Kas kuumus muutis teie plaane v\u00f5i tegi reisi veelgi paremaks?<\/em><\/strong><\/p>\r\n\r\n\r\n\r\n\r\n\r\n\r\n\r\n<p>Jaga meiega oma lugu ja aita j\u00e4\u00e4dvustada, milline oli reisimine aastal 2025 t\u00f5eliselt.<\/p>\r\n\r\n","protected":false},"excerpt":{"rendered":"<p>Tagasi vaadates 2025. aastale, v\u00f5ib \u00f6elda, et see oli aasta, mida paljud haagissuvilate, matkaautode ja matkaautode omanikud niipea ei unusta. Kui sa [&hellip;]<\/p>\n","protected":false},"author":1,"featured_media":520,"comment_status":"closed","ping_status":"open","sticky":false,"template":"","format":"standard","meta":{"_siteseo_robots_primary_cat":"none","_themeisle_gutenberg_block_has_review":false,"footnotes":""},"categories":[141,103,163],"tags":[],"class_list":["post-552","post","type-post","status-publish","format-standard","has-post-thumbnail","hentry","category-campervanid","category-haagissuvilad","category-reisimine"],"_links":{"self":[{"href":"https:\/\/ee.caravanpro.eu\/blog\/wp-json\/wp\/v2\/posts\/552"}],"collection":[{"href":"https:\/\/ee.caravanpro.eu\/blog\/wp-json\/wp\/v2\/posts"}],"about":[{"href":"https:\/\/ee.caravanpro.eu\/blog\/wp-json\/wp\/v2\/types\/post"}],"author":[{"embeddable":true,"href":"https:\/\/ee.caravanpro.eu\/blog\/wp-json\/wp\/v2\/users\/1"}],"replies":[{"embeddable":true,"href":"https:\/\/ee.caravanpro.eu\/blog\/wp-json\/wp\/v2\/comments?post=552"}],"version-history":[{"count":2,"href":"https:\/\/ee.caravanpro.eu\/blog\/wp-json\/wp\/v2\/posts\/552\/revisions"}],"predecessor-version":[{"id":556,"href":"https:\/\/ee.caravanpro.eu\/blog\/wp-json\/wp\/v2\/posts\/552\/revisions\/556"}],"wp:featuredmedia":[{"embeddable":true,"href":"https:\/\/ee.caravanpro.eu\/blog\/wp-json\/wp\/v2\/media\/520"}],"wp:attachment":[{"href":"https:\/\/ee.caravanpro.eu\/blog\/wp-json\/wp\/v2\/media?parent=552"}],"wp:term":[{"taxonomy":"category","embeddable":true,"href":"https:\/\/ee.caravanpro.eu\/blog\/wp-json\/wp\/v2\/categories?post=552"},{"taxonomy":"post_tag","embeddable":true,"href":"https:\/\/ee.caravanpro.eu\/blog\/wp-json\/wp\/v2\/tags?post=552"}],"curies":[{"name":"wp","href":"https:\/\/api.w.org\/{rel}","templated":true}]}}