{"id":411,"date":"2025-09-11T18:16:43","date_gmt":"2025-09-11T18:16:43","guid":{"rendered":"https:\/\/caravanpro.eu\/blog\/?p=411"},"modified":"2025-09-11T18:16:44","modified_gmt":"2025-09-11T18:16:44","slug":"miks-me-loime-caravanpro-varske-viis-haagissuvilate-ja-matkaautode-ostmiseks-ja-muumiseks","status":"publish","type":"post","link":"https:\/\/ee.caravanpro.eu\/blog\/miks-me-loime-caravanpro-varske-viis-haagissuvilate-ja-matkaautode-ostmiseks-ja-muumiseks\/","title":{"rendered":"Miks me l\u00f5ime CaravanPro: v\u00e4rske viis haagissuvilate ja matkaautode ostmiseks ja m\u00fc\u00fcmiseks"},"content":{"rendered":"\r\n\r\n<figure class=\"wp-block-image size-large\"><img loading=\"lazy\" decoding=\"async\" width=\"1024\" height=\"559\" src=\"https:\/\/caravanpro.eu\/blog\/wp-content\/uploads\/2025\/09\/why-we-created-caravanpro-1024x559.jpg\" alt=\"\" class=\"wp-image-383\" srcset=\"https:\/\/ee.caravanpro.eu\/blog\/wp-content\/uploads\/2025\/09\/why-we-created-caravanpro-1024x559.jpg 1024w, https:\/\/ee.caravanpro.eu\/blog\/wp-content\/uploads\/2025\/09\/why-we-created-caravanpro-300x164.jpg 300w, https:\/\/ee.caravanpro.eu\/blog\/wp-content\/uploads\/2025\/09\/why-we-created-caravanpro-768x420.jpg 768w, https:\/\/ee.caravanpro.eu\/blog\/wp-content\/uploads\/2025\/09\/why-we-created-caravanpro-1000x546.jpg 1000w, https:\/\/ee.caravanpro.eu\/blog\/wp-content\/uploads\/2025\/09\/why-we-created-caravanpro-230x126.jpg 230w, https:\/\/ee.caravanpro.eu\/blog\/wp-content\/uploads\/2025\/09\/why-we-created-caravanpro-350x191.jpg 350w, https:\/\/ee.caravanpro.eu\/blog\/wp-content\/uploads\/2025\/09\/why-we-created-caravanpro-480x262.jpg 480w, https:\/\/ee.caravanpro.eu\/blog\/wp-content\/uploads\/2025\/09\/why-we-created-caravanpro.jpg 1536w\" sizes=\"(max-width: 1024px) 100vw, 1024px\" \/><\/figure>\r\n\r\n\r\n\r\n\r\n\r\n\r\n\r\n<h3 class=\"wp-block-heading\">Uus idee tuttava kire jaoks<\/h3>\r\n\r\n\r\n\r\n\r\n\r\n\r\n\r\n<p>Haagissuvilad ja matkaautod on pikka aega olnud osa elust kogu Euroopas \u2013 alates perepuhkustest mere \u00e4\u00e4res kuni seikluslike piiri\u00fcleste autoreisideni. Kuid kui asi puudutab nende ostmist ja m\u00fc\u00fcmist veebis, seisavad liiga paljud inimesed silmitsi samade frustratsioonidega: k\u00f5rged tasud, piiratud n\u00e4htavus ja platvormid, mis ei m\u00f5ista tegelikult vabaajas\u00f5idukite kogukonda.<\/p>\r\n\r\n\r\n\r\n\r\n\r\n\r\n\r\n<p>Siin tulebki m\u00e4ngu CaravanPro.<\/p>\r\n\r\n\r\n\r\n\r\n\r\n\r\n\r\n<h3 class=\"wp-block-heading\">Probleem, mida me n\u00e4gime<\/h3>\r\n\r\n\r\n\r\n\r\n\r\n\r\n\r\n<p>Aastate jooksul oleme r\u00e4\u00e4kinud lugematute haagissuvilate omanike ja edasim\u00fc\u00fcjatega. Samad kaebused kerkisid ikka ja j\u00e4lle esile:<\/p>\r\n\r\n\r\n\r\n\r\n\r\n\r\n\r\n<ul class=\"wp-block-list\">\r\n\r\n<li><strong>Kallid kuulutused<\/strong> \u2013 \u00fche kuulutuse hind v\u00f5ib olla 30 v\u00f5i 40 v\u00f5i m\u00f5nikord isegi rohkem.<\/li>\r\n\r\n\r\n\r\n\r\n\r\n\r\n\r\n<li><strong>Varjatud lisad<\/strong> \u2013 t\u00e4iendused fotode, pikemate kuulutuste v\u00f5i \u201eesilet\u00f5stetud\u201d kohtade eest.<\/li>\r\n\r\n\r\n\r\n\r\n\r\n\r\n\r\n<li><strong>Ainult kohalik ulatus<\/strong> \u2013 haagissuvilad reklaamitakse kitsale sihtr\u00fchmale, j\u00e4ttes vahele ostjad, kes on n\u00f5us reisima.<\/li>\r\n\r\n\r\n\r\n\r\n\r\n\r\n\r\n<li><strong>Aegan\u00f5udvad \u00fcleslaadimised<\/strong> \u2013 l\u00f5putute vormide t\u00e4itmine enne reklaami avaldamist.<\/li>\r\n\r\n<\/ul>\r\n\r\n\r\n\r\n\r\n\r\n\r\n\r\n<p>Sai selgeks, et vaja oli paremat lahendust.<\/p>\r\n\r\n\r\n\r\n\r\n\r\n\r\n\r\n<h3 class=\"wp-block-heading\">Meie visioon<\/h3>\r\n\r\n\r\n\r\n\r\n\r\n\r\n\r\n<p>Me ehitasime CaravanPro selliseks, et see oleks:<\/p>\r\n\r\n\r\n\r\n\r\n\r\n\r\n\r\n<div class=\"wp-block-media-text is-stacked-on-mobile\" style=\"grid-template-columns:49% auto\"><figure class=\"wp-block-media-text__media\"><img loading=\"lazy\" decoding=\"async\" width=\"1024\" height=\"576\" src=\"https:\/\/caravanpro.eu\/blog\/wp-content\/uploads\/2025\/09\/iStock-2190480623-1024x576.jpg\" alt=\"\" class=\"wp-image-385 size-full\" srcset=\"https:\/\/ee.caravanpro.eu\/blog\/wp-content\/uploads\/2025\/09\/iStock-2190480623-1024x576.jpg 1024w, https:\/\/ee.caravanpro.eu\/blog\/wp-content\/uploads\/2025\/09\/iStock-2190480623-300x169.jpg 300w, https:\/\/ee.caravanpro.eu\/blog\/wp-content\/uploads\/2025\/09\/iStock-2190480623-768x432.jpg 768w, https:\/\/ee.caravanpro.eu\/blog\/wp-content\/uploads\/2025\/09\/iStock-2190480623-1000x563.jpg 1000w, https:\/\/ee.caravanpro.eu\/blog\/wp-content\/uploads\/2025\/09\/iStock-2190480623-230x129.jpg 230w, https:\/\/ee.caravanpro.eu\/blog\/wp-content\/uploads\/2025\/09\/iStock-2190480623-350x197.jpg 350w, https:\/\/ee.caravanpro.eu\/blog\/wp-content\/uploads\/2025\/09\/iStock-2190480623-480x270.jpg 480w, https:\/\/ee.caravanpro.eu\/blog\/wp-content\/uploads\/2025\/09\/iStock-2190480623.jpg 1365w\" sizes=\"(max-width: 1024px) 100vw, 1024px\" \/><\/figure><div class=\"wp-block-media-text__content\">\r\n\r\n<ul class=\"wp-block-list\">\r\n\r\n<li><strong>Lihtne<\/strong> \u2013 haagissuvila lisamine v\u00f5tab minuteid, mitte tunde.<\/li>\r\n\r\n\r\n\r\n\r\n\r\n\r\n\r\n<li><strong>Taskukohane<\/strong> \u2013 M\u00f5istlik hinnakujundus.<\/li>\r\n\r\n\r\n\r\n\r\n\r\n\r\n\r\n<li><strong>N\u00e4htav<\/strong> \u2013 ostjateni j\u00f5udmine Prantsusmaal, Saksamaal, Hispaanias, Belgias, Eestis, \u00dchendkuningriigis, Iirimaal, Hollandis ja mujal.<\/li>\r\n\r\n\r\n\r\n\r\n\r\n\r\n\r\n<li><strong>Kaasav<\/strong> \u2013 m\u00f5eldud nii eraisikutest m\u00fc\u00fcjatele kui ka professionaalsetele edasim\u00fc\u00fcjatele.<\/li>\r\n\r\n<\/ul>\r\n\r\n<\/div><\/div>\r\n\r\n\r\n\r\n\r\n\r\n\r\n\r\n<h3 class=\"wp-block-heading\">\u00d5iglane tehing m\u00fc\u00fcjatele ja ostjatele<\/h3>\r\n\r\n\r\n\r\n\r\n\r\n\r\n\r\n<p>Usume, et haagissuvila m\u00fc\u00fcmine ei tohiks maksta rohkem kui tass kohvi ja t\u00fckk kooki. Ja ostjad ei peaks otsima vajalikku ebaoluliste kuulutuste vahelt. CaravanPro pakub m\u00f5lemale poolele parema kogemuse: arusaadavad kuulutused, selge teave ja \u00fcleeuroopaline publik.<\/p>\r\n\r\n\r\n\r\n\r\n\r\n\r\n\r\n<h3 class=\"wp-block-heading\">Miks k\u00e4ivitada kohe?<\/h3>\r\n\r\n\r\n\r\n\r\n\r\n\r\n\r\n<p>Haagissuvilate ja matkaautode transport \u00f5itseb. \u00dcha rohkem peresid, paare ja seiklejaid valib reisimiseks haagissuvila ja matkaauto. Samal ajal soovivad m\u00fc\u00fcjad alternatiive rahvarohketele ja \u00fclehinnatud platvormidele. Tundsime, et n\u00fc\u00fcd on ideaalne aeg CaravanPro k\u00e4ivitamiseks ja kogukonnale midagi paremat pakkuda.<\/p>\r\n\r\n\r\n\r\n\r\n\r\n\r\n\r\n<h3 class=\"wp-block-heading\">Meie turuletoomise pakkumine<\/h3>\r\n\r\n\r\n\r\n\r\n\r\n\r\n\r\n<p>Meie turuletoomise t\u00e4histamiseks <strong>on kuulutused kogu septembrikuu jooksul vaid 3 eurot<\/strong>.<\/p>\r\n\r\n\r\n\r\n\r\n\r\n\r\n\r\n<figure class=\"wp-block-pullquote\"><blockquote><p>Veelgi parem, kasutage koodi <strong>FREESEPT<\/strong>ja teie esimene kuulutus ei maksa midagi.<\/p><\/blockquote><\/figure>\r\n\r\n\r\n\r\n\r\n\r\n\r\n\r\n<p>See on meie viis kutsuda teid proovima CaravanProd riskivabalt.<\/p>\r\n\r\n\r\n\r\n\r\n\r\n\r\n\r\n<h3 class=\"wp-block-heading\">Liitu CaravanPro kogukonnaga<\/h3>\r\n\r\n\r\n\r\n\r\n\r\n\r\n\r\n<p>CaravanPro ei ole lihtsalt turg. See on loodud kasvama haagissuvilate ja matkaautode entusiastide keskuseks \u2013 pakkudes n\u00e4pun\u00e4iteid, juhendeid ja ressursse omamise lihtsustamiseks.<\/p>\r\n\r\n\r\n\r\n\r\n\r\n\r\n\r\n<p>Meile meeldiks v\u00e4ga, kui te sellest osa saaksite.<\/p>\r\n\r\n\r\n\r\n\r\n\r\n\r\n\r\n<blockquote class=\"wp-block-quote is-style-plain is-layout-flow wp-block-quote-is-layout-flow\">\r\n\r\n<p class=\"has-text-align-center has-vivid-cyan-blue-color has-text-color has-link-color wp-elements-c91c749389f4a475496c562e088a6926\"><span class=\"wp-rich-text-font-awesome-icon wp-font-awesome-icon\"><svg aria-hidden=\"true\" focusable=\"false\" data-prefix=\"fas\" data-icon=\"arrow-right\" class=\"svg-inline--fa fa-arrow-right \" role=\"img\" xmlns=\"http:\/\/www.w3.org\/2000\/svg\" viewBox=\"0 0 512 512\"><path fill=\"currentColor\" d=\"M502.6 278.6c12.5-12.5 12.5-32.8 0-45.3l-160-160c-12.5-12.5-32.8-12.5-45.3 0s-12.5 32.8 0 45.3L402.7 224 32 224c-17.7 0-32 14.3-32 32s14.3 32 32 32l370.7 0-105.4 105.4c-12.5 12.5-12.5 32.8 0 45.3s32.8 12.5 45.3 0l160-160z\"><\/path><\/svg><\/span> <a href=\"https:\/\/caravanpro.eu\/signup-plans\" data-type=\"link\" data-id=\"https:\/\/caravanpro.eu\/signup-plans\">Lisa oma haagissuvila juba t\u00e4na nimekirja ja vaata, kui lihtne see olla saab.<\/a><\/p>\r\n\r\n<\/blockquote>\r\n\r\n","protected":false},"excerpt":{"rendered":"<p>Uus idee tuttava kire jaoks Haagissuvilad ja matkaautod on pikka aega olnud osa elust kogu Euroopas \u2013 alates perepuhkustest mere \u00e4\u00e4res kuni [&hellip;]<\/p>\n","protected":false},"author":1,"featured_media":383,"comment_status":"closed","ping_status":"open","sticky":false,"template":"","format":"standard","meta":{"_siteseo_robots_primary_cat":"none","_themeisle_gutenberg_block_has_review":false,"footnotes":""},"categories":[82,103],"tags":[],"class_list":["post-411","post","type-post","status-publish","format-standard","has-post-thumbnail","hentry","category-caravanpro-et","category-haagissuvilad"],"_links":{"self":[{"href":"https:\/\/ee.caravanpro.eu\/blog\/wp-json\/wp\/v2\/posts\/411"}],"collection":[{"href":"https:\/\/ee.caravanpro.eu\/blog\/wp-json\/wp\/v2\/posts"}],"about":[{"href":"https:\/\/ee.caravanpro.eu\/blog\/wp-json\/wp\/v2\/types\/post"}],"author":[{"embeddable":true,"href":"https:\/\/ee.caravanpro.eu\/blog\/wp-json\/wp\/v2\/users\/1"}],"replies":[{"embeddable":true,"href":"https:\/\/ee.caravanpro.eu\/blog\/wp-json\/wp\/v2\/comments?post=411"}],"version-history":[{"count":2,"href":"https:\/\/ee.caravanpro.eu\/blog\/wp-json\/wp\/v2\/posts\/411\/revisions"}],"predecessor-version":[{"id":427,"href":"https:\/\/ee.caravanpro.eu\/blog\/wp-json\/wp\/v2\/posts\/411\/revisions\/427"}],"wp:featuredmedia":[{"embeddable":true,"href":"https:\/\/ee.caravanpro.eu\/blog\/wp-json\/wp\/v2\/media\/383"}],"wp:attachment":[{"href":"https:\/\/ee.caravanpro.eu\/blog\/wp-json\/wp\/v2\/media?parent=411"}],"wp:term":[{"taxonomy":"category","embeddable":true,"href":"https:\/\/ee.caravanpro.eu\/blog\/wp-json\/wp\/v2\/categories?post=411"},{"taxonomy":"post_tag","embeddable":true,"href":"https:\/\/ee.caravanpro.eu\/blog\/wp-json\/wp\/v2\/tags?post=411"}],"curies":[{"name":"wp","href":"https:\/\/api.w.org\/{rel}","templated":true}]}}