{"id":241,"date":"2025-05-22T15:22:03","date_gmt":"2025-05-22T15:22:03","guid":{"rendered":"https:\/\/caravanpro.eu\/blog\/?p=241"},"modified":"2025-08-03T08:19:32","modified_gmt":"2025-08-03T08:19:32","slug":"me-oleme-elus-tere-tulemast-caravanpro-sse","status":"publish","type":"post","link":"https:\/\/ee.caravanpro.eu\/blog\/me-oleme-elus-tere-tulemast-caravanpro-sse\/","title":{"rendered":"ME OLEME ELUS \u2013 TERE TULEMAST CARAVANPRO-SSE!"},"content":{"rendered":"\n<div class=\"wp-block-cover is-light has-custom-content-position is-position-top-center has-white-color has-text-color has-link-color wp-elements-e68bcc69af17378241c531650c2c66d2\" style=\"min-height:520px;aspect-ratio:unset;\"><span aria-hidden=\"true\" class=\"wp-block-cover__background has-background-dim-0 has-background-dim\"><\/span><img loading=\"lazy\" decoding=\"async\" width=\"1024\" height=\"683\" class=\"wp-block-cover__image-background wp-image-211\" alt=\"CaravanPro Announces Launch of Website for advertising caravans and motorhomes for individuals and businesses. Users Access CaravanPro website on mobile phones and Tablets. Motorhomes and Caravans are in the background with orange sunset.\" src=\"https:\/\/caravanpro.eu\/blog\/wp-content\/uploads\/2025\/05\/CaravanPro-Launch-1024x683.jpg\" style=\"object-position:70% 60%\" data-object-fit=\"cover\" data-object-position=\"70% 60%\" srcset=\"https:\/\/ee.caravanpro.eu\/blog\/wp-content\/uploads\/2025\/05\/CaravanPro-Launch-1024x683.jpg 1024w, https:\/\/ee.caravanpro.eu\/blog\/wp-content\/uploads\/2025\/05\/CaravanPro-Launch-300x200.jpg 300w, https:\/\/ee.caravanpro.eu\/blog\/wp-content\/uploads\/2025\/05\/CaravanPro-Launch-768x512.jpg 768w, https:\/\/ee.caravanpro.eu\/blog\/wp-content\/uploads\/2025\/05\/CaravanPro-Launch-1200x800.jpg 1200w, https:\/\/ee.caravanpro.eu\/blog\/wp-content\/uploads\/2025\/05\/CaravanPro-Launch-1000x667.jpg 1000w, https:\/\/ee.caravanpro.eu\/blog\/wp-content\/uploads\/2025\/05\/CaravanPro-Launch-230x153.jpg 230w, https:\/\/ee.caravanpro.eu\/blog\/wp-content\/uploads\/2025\/05\/CaravanPro-Launch-350x233.jpg 350w, https:\/\/ee.caravanpro.eu\/blog\/wp-content\/uploads\/2025\/05\/CaravanPro-Launch-480x320.jpg 480w, https:\/\/ee.caravanpro.eu\/blog\/wp-content\/uploads\/2025\/05\/CaravanPro-Launch.jpg 1536w\" sizes=\"(max-width: 1024px) 100vw, 1024px\" \/><div class=\"wp-block-cover__inner-container is-layout-flow wp-block-cover-is-layout-flow\">\n<p class=\"has-text-align-center has-large-font-size\">OLEME ELUS! TERE TULEMAST<br>CARAVANPRO-SSE<\/p>\n\n\n\n<p class=\"has-text-align-center has-large-font-size\"><\/p>\n<\/div><\/div>\n\n\n\n<p>Meil on suur r\u00f5\u00f5m seda \u00f6elda: <strong>CaravanPro on ametlikult k\u00e4ivitatud!<\/strong><\/p>\n\n\n\n<p>Olenemata sellest, kas oled eluaegne matkahuviline, n\u00e4dalavahetuse avastaja v\u00f5i alles unistad oma esimesest matkaautost \u2014 <strong>oled just leidnud oma uue kodu k\u00f5igele, mis puudutab haagissuvilaid ja matkaautosid<\/strong>.<\/p>\n\n\n\n<p>CaravanPro loodi \u00fche lihtsa ideega \u2014 muuta inimestel kogu Euroopas lihtsamaks \u00fchenduse loomine, kuulutuste avaldamine, otsimine ja vaba aja s\u00f5idukite maailma avastamine. Alates stiilsetest kaubik-elamutest kuni klassikaliste haagissuvilani \u2014 me oleme siin, et tuua ostjad, m\u00fc\u00fcjad ja huvilised kokku \u00fchte kasutajas\u00f5bralikku keskkonda.<\/p>\n\n\n\n<p><strong>Mida saad CaravanPro-s teha?<\/strong><\/p>\n\n\n\n<ul class=\"wp-block-list\">\n<li>Sirvi kasvavat valikut haagissuvilaid ja matkaautosid m\u00fc\u00fcgiks \u00fcle kogu Euroopa<\/li>\n\n\n\n<li>Lisa oma tasuta kuulutus (<strong>pakume avamiskampaaniana eripakkumist: 3 kuud tasuta kuulutust eraisikutele!<\/strong>)<\/li>\n\n\n\n<li>Uuri meie laienevat tootjakataloogi<\/li>\n\n\n\n<li>Avasta kasulikke n\u00f5uandeid ja ressursse elu jaoks teel<\/li>\n\n\n\n<li>Vali endale sobiv plaan \u2014 alates <strong>individuaalkontodest<\/strong> kuni <strong>kohandatud \u00e4rikontodeni<\/strong>, mis on loodud edasim\u00fc\u00fcjatele ja professionaalidele<\/li>\n<\/ul>\n\n\n\n<p><strong>Kas juhid ettev\u00f5tet?<\/strong> Meil on sinu jaoks paindlikud lahendused:<\/p>\n\n\n\n<ul class=\"wp-block-list\">\n<li><strong>Business Lite<\/strong> \u2013 ideaalne v\u00e4iksematele haagissuvilate v\u00f5i matkaautode ettev\u00f5tetele, kes otsivad taskukohast viisi uute klientideni j\u00f5udmiseks<\/li>\n\n\n\n<li><strong>Business PRO<\/strong> \u2013 loodud suurematele m\u00fc\u00fcjatele ja organisatsioonidele, kes vajavad lisafunktsioone ja rohkem n\u00e4htavust<\/li>\n<\/ul>\n\n\n\n<p>Oleme loonud CaravanPro nii, et see t\u00f6\u00f6taks sujuvalt kogu Euroopas \u2014 Suurbritanniast ja Iirimaast kuni Prantsusmaa, Saksamaa, Hispaania ja kaugemalegi. <strong>Ja see on alles algus.<\/strong><\/p>\n\n\n\n<p>J\u00e4rgnevatel kuudel toome teieni uusi funktsioone, v\u00e4rskeid kuulutusi ja kasulikke blogipostitusi, et saaksite oma matkas\u00f5idukikogemusest maksimumi v\u00f5tta.<\/p>\n\n\n\n<p>Aga praegu \u2013 vaata ringi. Loo konto. Lisa oma kuulutus. V\u00f5i lihtsalt sirvi \u2014 ja <strong>\u00e4ra unusta liituda uudiskirjaga<\/strong>, et saada teateid uudiste, funktsioonide ja eripakkumiste kohta.<\/p>\n\n\n\n<p>Ait\u00e4h, et oled meiega juba algusest peale \u2014 meil on hea meel, et oled sellel teekonnal kaasas.<\/p>\n\n\n\n<p><strong>Tere tulemast CaravanPro-sse.<\/strong><\/p>\n","protected":false},"excerpt":{"rendered":"<p>Meil on suur r\u00f5\u00f5m seda \u00f6elda: CaravanPro on ametlikult k\u00e4ivitatud! Olenemata sellest, kas oled eluaegne matkahuviline, n\u00e4dalavahetuse avastaja v\u00f5i alles unistad oma [&hellip;]<\/p>\n","protected":false},"author":1,"featured_media":246,"comment_status":"open","ping_status":"open","sticky":false,"template":"","format":"standard","meta":{"_siteseo_robots_primary_cat":"none","_themeisle_gutenberg_block_has_review":false,"footnotes":""},"categories":[82],"tags":[],"class_list":["post-241","post","type-post","status-publish","format-standard","has-post-thumbnail","hentry","category-caravanpro-et"],"_links":{"self":[{"href":"https:\/\/ee.caravanpro.eu\/blog\/wp-json\/wp\/v2\/posts\/241"}],"collection":[{"href":"https:\/\/ee.caravanpro.eu\/blog\/wp-json\/wp\/v2\/posts"}],"about":[{"href":"https:\/\/ee.caravanpro.eu\/blog\/wp-json\/wp\/v2\/types\/post"}],"author":[{"embeddable":true,"href":"https:\/\/ee.caravanpro.eu\/blog\/wp-json\/wp\/v2\/users\/1"}],"replies":[{"embeddable":true,"href":"https:\/\/ee.caravanpro.eu\/blog\/wp-json\/wp\/v2\/comments?post=241"}],"version-history":[{"count":3,"href":"https:\/\/ee.caravanpro.eu\/blog\/wp-json\/wp\/v2\/posts\/241\/revisions"}],"predecessor-version":[{"id":258,"href":"https:\/\/ee.caravanpro.eu\/blog\/wp-json\/wp\/v2\/posts\/241\/revisions\/258"}],"wp:featuredmedia":[{"embeddable":true,"href":"https:\/\/ee.caravanpro.eu\/blog\/wp-json\/wp\/v2\/media\/246"}],"wp:attachment":[{"href":"https:\/\/ee.caravanpro.eu\/blog\/wp-json\/wp\/v2\/media?parent=241"}],"wp:term":[{"taxonomy":"category","embeddable":true,"href":"https:\/\/ee.caravanpro.eu\/blog\/wp-json\/wp\/v2\/categories?post=241"},{"taxonomy":"post_tag","embeddable":true,"href":"https:\/\/ee.caravanpro.eu\/blog\/wp-json\/wp\/v2\/tags?post=241"}],"curies":[{"name":"wp","href":"https:\/\/api.w.org\/{rel}","templated":true}]}}